{"id":205,"date":"2014-09-05T13:26:49","date_gmt":"2014-09-05T11:26:49","guid":{"rendered":"http:\/\/www.oldtimer-und-recht.at\/?p=205"},"modified":"2014-09-05T13:26:49","modified_gmt":"2014-09-05T11:26:49","slug":"falschberatung-bei-der-auswahl-des-lackes-oberster-gerichtshof-vom-29-04-2009-7-ob-27008v","status":"publish","type":"post","link":"https:\/\/oldtimer-und-recht.at\/?p=205","title":{"rendered":"\u201eFalschberatung bei der Auswahl des Lackes\u201c \u2013 Oberster Gerichtshof vom 29.04.2009, 7 Ob 270\/08v:"},"content":{"rendered":"<p>Der Kl\u00e4ger erwarb bei einem Fachh\u00e4ndler, der sp\u00e4teren beklagten Partei, Lackmaterialien zur Restaurierung eines Oldtimers der Type VW K\u00e4fer. Vor dem Ankauf der Materialien schilderte der Kl\u00e4ger dem Verk\u00e4ufer, zu welchem Zweck er die Materialien ben\u00f6tigte und lie\u00df sich entsprechend beraten. Der Verk\u00e4ufer sicherte dem Kl\u00e4ger zu, dass die empfohlenen Lackmaterialien f\u00fcr die genannten Anforderungen geeignet seien. Der Kl\u00e4ger nahm die Lackierarbeiten in der Folge selbst vor. Nach einiger Zeit kam es zu gro\u00dffl\u00e4chigen Abbl\u00e4tterungen des Lacks. Richtigerweise h\u00e4tte man Zweikomponentengrund aufbringen m\u00fcssen, wor\u00fcber der Kl\u00e4ger vom Verk\u00e4ufer allerdings nicht aufgekl\u00e4rt wurde.<\/p>\n<p>Der Kl\u00e4ger begehrte von der beklagten Partei den Ersatz der Verbesserungskosten, wobei er unter Zugrundelegung von 350 Arbeitsstunden zu 15 Euro sowie Materialkosten und Kosten der Ben\u00fctzung der Lackierkabine zu einem Betrag von 6.644 Euro kam.<\/p>\n<p>Der Oberste Gerichtshof gab dem Kl\u00e4ger Recht, wobei er feststellte, dass dem Kl\u00e4ger grunds\u00e4tzlich auch die Kosten einer Reparatur in einer Fachwerkst\u00e4tte zust\u00fcnden, da der Gesch\u00e4digte Anspruch auf Durchf\u00fchrung einer einwandfreien Reparatur habe.<\/p>\n","protected":false},"excerpt":{"rendered":"<p>Der Kl\u00e4ger erwarb bei einem Fachh\u00e4ndler, der sp\u00e4teren beklagten Partei, Lackmaterialien zur Restaurierung eines Oldtimers der Type VW K\u00e4fer. Vor dem Ankauf der Materialien schilderte der Kl\u00e4ger dem Verk\u00e4ufer, zu welchem Zweck er die Materialien ben\u00f6tigte und lie\u00df sich entsprechend beraten. Der Verk\u00e4ufer sicherte dem Kl\u00e4ger zu, dass die empfohlenen Lackmaterialien f\u00fcr die genannten Anforderungen [&hellip;]<\/p>\n","protected":false},"author":1,"featured_media":0,"comment_status":"closed","ping_status":"open","sticky":false,"template":"","format":"standard","meta":{"_exactmetrics_skip_tracking":false,"_exactmetrics_sitenote_active":false,"_exactmetrics_sitenote_note":"","_exactmetrics_sitenote_category":0,"footnotes":""},"categories":[1],"tags":[],"class_list":["post-205","post","type-post","status-publish","format-standard","hentry","category-allgemein"],"_links":{"self":[{"href":"https:\/\/oldtimer-und-recht.at\/index.php?rest_route=\/wp\/v2\/posts\/205","targetHints":{"allow":["GET"]}}],"collection":[{"href":"https:\/\/oldtimer-und-recht.at\/index.php?rest_route=\/wp\/v2\/posts"}],"about":[{"href":"https:\/\/oldtimer-und-recht.at\/index.php?rest_route=\/wp\/v2\/types\/post"}],"author":[{"embeddable":true,"href":"https:\/\/oldtimer-und-recht.at\/index.php?rest_route=\/wp\/v2\/users\/1"}],"replies":[{"embeddable":true,"href":"https:\/\/oldtimer-und-recht.at\/index.php?rest_route=%2Fwp%2Fv2%2Fcomments&post=205"}],"version-history":[{"count":1,"href":"https:\/\/oldtimer-und-recht.at\/index.php?rest_route=\/wp\/v2\/posts\/205\/revisions"}],"predecessor-version":[{"id":206,"href":"https:\/\/oldtimer-und-recht.at\/index.php?rest_route=\/wp\/v2\/posts\/205\/revisions\/206"}],"wp:attachment":[{"href":"https:\/\/oldtimer-und-recht.at\/index.php?rest_route=%2Fwp%2Fv2%2Fmedia&parent=205"}],"wp:term":[{"taxonomy":"category","embeddable":true,"href":"https:\/\/oldtimer-und-recht.at\/index.php?rest_route=%2Fwp%2Fv2%2Fcategories&post=205"},{"taxonomy":"post_tag","embeddable":true,"href":"https:\/\/oldtimer-und-recht.at\/index.php?rest_route=%2Fwp%2Fv2%2Ftags&post=205"}],"curies":[{"name":"wp","href":"https:\/\/api.w.org\/{rel}","templated":true}]}}